{"id":2179,"date":"2024-02-10T11:26:46","date_gmt":"2024-02-10T10:26:46","guid":{"rendered":"https:\/\/www.salpa.com\/?p=2179"},"modified":"2024-02-23T11:35:29","modified_gmt":"2024-02-23T10:35:29","slug":"isploviti-na-medunarodnom-sajmu-brodova-nauticsud","status":"publish","type":"post","link":"https:\/\/www.salpa.com\/hr\/isploviti-na-medunarodnom-sajmu-brodova-nauticsud\/","title":{"rendered":"Isplovite na me\u0111unarodnom sajmu brodova NauticSud"},"content":{"rendered":"<p>S 50. izdanjem Me\u0111unarodnog sajma brodova NauticSud, koji se odr\u017eava na sajmu Mostra d&#039;Oltremare u Napulju od 10. do 18. velja\u010de 2024., zapo\u010dinje nova suradnja izme\u0111u dvaju povijesnih tvrtki iz Campanije:<br>\u2022 Nautica Salpa, brodogradili\u0161te sa sjedi\u0161tem u Kampaniji osnovano 1984. godine koje ove godine slavi 40 godina djelovanja<br>\u2022 ItaliaMare, distributer najpresti\u017enijih i najluksuznijih marki u sektoru plovidbe za razonodu, osnovan 1988. godine<br>Suradnja je proiza\u0161la iz iznimno visokih standarda kvalitete i dizajna brodova Salpa: prodava\u010d ItaliaMare, uvijek pa\u017eljiv na zahtjeve i \u017eelje vrlo zahtjevne klijentele, nudi samo najbolje marke za plovidbu i za sve ljubitelje razonode.<br>Salpa brodovi savr\u0161eno se uklapaju u tradiciju koja, uz luksuzne jahte i brodove za krstarenja i obitelji, uklju\u010duje i sportske modele za one koji \u017eele do\u017eivjeti nalet adrenalina brzine dok plove valovima u potpunoj sigurnosti i stabilnosti.<\/p>\n\n\n\n<p>Na \u0161tandu ItaliaMare u paviljonu 6 sajma NauticSud bit \u0107e izlo\u017eeno 6 gumenjaka iz Salpine linije Soleil:<\/p>\n\n\n\n<ul class=\"wp-block-list\">\n<li>Soleil 18<\/li>\n\n\n\n<li>Soleil 20<\/li>\n\n\n\n<li>Soleil 24.5 (debitirao na sajmu NauticSud 2024.)<\/li>\n\n\n\n<li>Soleil 26<\/li>\n\n\n\n<li>Soleil 33 T-Top<\/li>\n\n\n\n<li>Soleil 42 s tvrdim krovom \u201cObljetnica\u201d<br>U povodu proslave 40. obljetnice brodogradili\u0161ta Salpa, na sajmu NauticSud bit \u0107e predstavljena nova verzija Soleila 42, nazvana &quot;Anniversary&quot;. Ima novi tvrdi krov s integriranim vjetrobranskim staklom i potpuno automatizirani sustav. Soleil 42 mo\u017ee se daljinski upravljati i njime se mo\u017ee upravljati, a opremljen je naprednim navigacijskim sustavima za sigurnu no\u0107nu plovidbu: &quot;FLIR&quot;.<br>Soleil 42 Anniversary standardno je opremljen fotonaponskim modulima i prvi je brod trenutno na tr\u017ei\u0161tu koji ima upravlja\u010d za ku\u0107nu automatizaciju s centralnim zaslonom osjetljivim na dodir i kontrolama na upravlja\u010du koje omogu\u0107uju upravljanje brodom i zabavnim sustavima.<\/li>\n<\/ul>\n\n\n\n<p>Salpa je tako\u0111er najavila dolazak novog maxi RIB-a koji \u0107e biti predstavljen krajem prolje\u0107a, a nakon toga slijede jo\u0161 dva nova modela za sezonu 2025.<\/p>","protected":false},"excerpt":{"rendered":"<p>Con l\u2019edizione numero 50 del Salone Internazionale NauticSud, in programma alla Mostra d\u2019Oltremare di Napoli dal 10 al 18 febbraio 2024, si avvia una nuova collaborazione tra due storiche realt\u00e0 imprenditoriali campane:\u2022 Nautica Salpa, cantiere campano fondato nel 1984 che proprio quest\u2019anno celebra i suoi 40 anni di attivit\u00e0\u2022 ItaliaMare, concessionaria dei pi\u00f9 prestigiosi e [&hellip;]<\/p>\n","protected":false},"author":4,"featured_media":1846,"comment_status":"closed","ping_status":"closed","sticky":false,"template":"","format":"standard","meta":{"_acf_changed":false,"footnotes":""},"categories":[16],"tags":[],"class_list":["post-2179","post","type-post","status-publish","format-standard","has-post-thumbnail","hentry","category-eventi"],"acf":[],"yoast_head":"<!-- This site is optimized with the Yoast SEO plugin v27.4 - https:\/\/yoast.com\/product\/yoast-seo-wordpress\/ -->\n<title>Salpa al Salone Internazionale NauticSud - Salpa Yachts<\/title>\n<meta name=\"description\" content=\"%\" \/>\n<meta name=\"robots\" content=\"index, follow, max-snippet:-1, max-image-preview:large, max-video-preview:-1\" \/>\n<link rel=\"canonical\" href=\"https:\/\/www.salpa.com\/hr\/isploviti-na-medunarodnom-sajmu-brodova-nauticsud\/\" \/>\n<meta property=\"og:locale\" content=\"hr_HR\" \/>\n<meta property=\"og:type\" content=\"article\" \/>\n<meta property=\"og:title\" content=\"Salpa al Salone Internazionale NauticSud - Salpa Yachts\" \/>\n<meta property=\"og:description\" content=\"%\" \/>\n<meta property=\"og:url\" content=\"https:\/\/www.salpa.com\/hr\/isploviti-na-medunarodnom-sajmu-brodova-nauticsud\/\" \/>\n<meta property=\"og:site_name\" content=\"Salpa Yachts\" \/>\n<meta property=\"article:publisher\" content=\"https:\/\/www.facebook.com\/nauticasalpa\" \/>\n<meta property=\"article:published_time\" content=\"2024-02-10T10:26:46+00:00\" \/>\n<meta property=\"article:modified_time\" content=\"2024-02-23T10:35:29+00:00\" \/>\n<meta property=\"og:image\" content=\"https:\/\/www.salpa.com\/wp-content\/uploads\/2024\/02\/nauticsud.png\" \/>\n\t<meta property=\"og:image:width\" content=\"2978\" \/>\n\t<meta property=\"og:image:height\" content=\"1502\" \/>\n\t<meta property=\"og:image:type\" content=\"image\/png\" \/>\n<meta name=\"author\" content=\"ivan turturiello\" \/>\n<meta name=\"twitter:card\" content=\"summary_large_image\" \/>\n<meta name=\"twitter:label1\" content=\"Napisao\/la\" \/>\n\t<meta name=\"twitter:data1\" content=\"ivan turturiello\" \/>\n\t<meta name=\"twitter:label2\" content=\"Procijenjeno vrijeme \u010ditanja\" \/>\n\t<meta name=\"twitter:data2\" content=\"2 minute\" \/>\n<script type=\"application\/ld+json\" class=\"yoast-schema-graph\">{\"@context\":\"https:\\\/\\\/schema.org\",\"@graph\":[{\"@type\":\"Article\",\"@id\":\"https:\\\/\\\/www.salpa.com\\\/salpa-al-salone-internazionale-nauticsud\\\/#article\",\"isPartOf\":{\"@id\":\"https:\\\/\\\/www.salpa.com\\\/salpa-al-salone-internazionale-nauticsud\\\/\"},\"author\":{\"name\":\"ivan turturiello\",\"@id\":\"https:\\\/\\\/www.salpa.com\\\/#\\\/schema\\\/person\\\/6c4fc9eb4b20df24881ddefc1e9c1b33\"},\"headline\":\"Salpa al Salone Internazionale NauticSud\",\"datePublished\":\"2024-02-10T10:26:46+00:00\",\"dateModified\":\"2024-02-23T10:35:29+00:00\",\"mainEntityOfPage\":{\"@id\":\"https:\\\/\\\/www.salpa.com\\\/salpa-al-salone-internazionale-nauticsud\\\/\"},\"wordCount\":321,\"publisher\":{\"@id\":\"https:\\\/\\\/www.salpa.com\\\/#organization\"},\"image\":{\"@id\":\"https:\\\/\\\/www.salpa.com\\\/salpa-al-salone-internazionale-nauticsud\\\/#primaryimage\"},\"thumbnailUrl\":\"https:\\\/\\\/www.salpa.com\\\/wp-content\\\/uploads\\\/2024\\\/02\\\/nauticsud.png\",\"articleSection\":[\"Eventi\"],\"inLanguage\":\"hr\"},{\"@type\":\"WebPage\",\"@id\":\"https:\\\/\\\/www.salpa.com\\\/salpa-al-salone-internazionale-nauticsud\\\/\",\"url\":\"https:\\\/\\\/www.salpa.com\\\/salpa-al-salone-internazionale-nauticsud\\\/\",\"name\":\"Salpa al Salone Internazionale NauticSud - Salpa Yachts\",\"isPartOf\":{\"@id\":\"https:\\\/\\\/www.salpa.com\\\/#website\"},\"primaryImageOfPage\":{\"@id\":\"https:\\\/\\\/www.salpa.com\\\/salpa-al-salone-internazionale-nauticsud\\\/#primaryimage\"},\"image\":{\"@id\":\"https:\\\/\\\/www.salpa.com\\\/salpa-al-salone-internazionale-nauticsud\\\/#primaryimage\"},\"thumbnailUrl\":\"https:\\\/\\\/www.salpa.com\\\/wp-content\\\/uploads\\\/2024\\\/02\\\/nauticsud.png\",\"datePublished\":\"2024-02-10T10:26:46+00:00\",\"dateModified\":\"2024-02-23T10:35:29+00:00\",\"description\":\"%\",\"breadcrumb\":{\"@id\":\"https:\\\/\\\/www.salpa.com\\\/salpa-al-salone-internazionale-nauticsud\\\/#breadcrumb\"},\"inLanguage\":\"hr\",\"potentialAction\":[{\"@type\":\"ReadAction\",\"target\":[\"https:\\\/\\\/www.salpa.com\\\/salpa-al-salone-internazionale-nauticsud\\\/\"]}]},{\"@type\":\"ImageObject\",\"inLanguage\":\"hr\",\"@id\":\"https:\\\/\\\/www.salpa.com\\\/salpa-al-salone-internazionale-nauticsud\\\/#primaryimage\",\"url\":\"https:\\\/\\\/www.salpa.com\\\/wp-content\\\/uploads\\\/2024\\\/02\\\/nauticsud.png\",\"contentUrl\":\"https:\\\/\\\/www.salpa.com\\\/wp-content\\\/uploads\\\/2024\\\/02\\\/nauticsud.png\",\"width\":2978,\"height\":1502},{\"@type\":\"BreadcrumbList\",\"@id\":\"https:\\\/\\\/www.salpa.com\\\/salpa-al-salone-internazionale-nauticsud\\\/#breadcrumb\",\"itemListElement\":[{\"@type\":\"ListItem\",\"position\":1,\"name\":\"Home\",\"item\":\"https:\\\/\\\/www.salpa.com\\\/\"},{\"@type\":\"ListItem\",\"position\":2,\"name\":\"Salpa al Salone Internazionale NauticSud\"}]},{\"@type\":\"WebSite\",\"@id\":\"https:\\\/\\\/www.salpa.com\\\/#website\",\"url\":\"https:\\\/\\\/www.salpa.com\\\/\",\"name\":\"Salpa Yachts\",\"description\":\"Naviga verso l&#039;avventura con Salpa Yachts!\",\"publisher\":{\"@id\":\"https:\\\/\\\/www.salpa.com\\\/#organization\"},\"alternateName\":\"Nautica Salpa srl\",\"potentialAction\":[{\"@type\":\"SearchAction\",\"target\":{\"@type\":\"EntryPoint\",\"urlTemplate\":\"https:\\\/\\\/www.salpa.com\\\/?s={search_term_string}\"},\"query-input\":{\"@type\":\"PropertyValueSpecification\",\"valueRequired\":true,\"valueName\":\"search_term_string\"}}],\"inLanguage\":\"hr\"},{\"@type\":\"Organization\",\"@id\":\"https:\\\/\\\/www.salpa.com\\\/#organization\",\"name\":\"Salpa Yachts\",\"alternateName\":\"Nautica Salpa srl\",\"url\":\"https:\\\/\\\/www.salpa.com\\\/\",\"logo\":{\"@type\":\"ImageObject\",\"inLanguage\":\"hr\",\"@id\":\"https:\\\/\\\/www.salpa.com\\\/#\\\/schema\\\/logo\\\/image\\\/\",\"url\":\"https:\\\/\\\/www.salpa.com\\\/wp-content\\\/uploads\\\/2023\\\/11\\\/salpa-logo-new.png\",\"contentUrl\":\"https:\\\/\\\/www.salpa.com\\\/wp-content\\\/uploads\\\/2023\\\/11\\\/salpa-logo-new.png\",\"width\":1207,\"height\":417,\"caption\":\"Salpa Yachts\"},\"image\":{\"@id\":\"https:\\\/\\\/www.salpa.com\\\/#\\\/schema\\\/logo\\\/image\\\/\"},\"sameAs\":[\"https:\\\/\\\/www.facebook.com\\\/nauticasalpa\",\"https:\\\/\\\/www.instagram.com\\\/salpa_yachts\\\/\",\"https:\\\/\\\/www.youtube.com\\\/@SalpaYachts\"]},{\"@type\":\"Person\",\"@id\":\"https:\\\/\\\/www.salpa.com\\\/#\\\/schema\\\/person\\\/6c4fc9eb4b20df24881ddefc1e9c1b33\",\"name\":\"ivan turturiello\",\"url\":\"https:\\\/\\\/www.salpa.com\\\/hr\\\/author\\\/ivanturturiellogmail-com\\\/\"}]}<\/script>\n<!-- \/ Yoast SEO plugin. -->","yoast_head_json":{"title":"Isplovite na me\u0111unarodnom sajmu brodova NauticSud - Salpa Yachts","description":"%","robots":{"index":"index","follow":"follow","max-snippet":"max-snippet:-1","max-image-preview":"max-image-preview:large","max-video-preview":"max-video-preview:-1"},"canonical":"https:\/\/www.salpa.com\/hr\/isploviti-na-medunarodnom-sajmu-brodova-nauticsud\/","og_locale":"hr_HR","og_type":"article","og_title":"Salpa al Salone Internazionale NauticSud - Salpa Yachts","og_description":"%","og_url":"https:\/\/www.salpa.com\/hr\/isploviti-na-medunarodnom-sajmu-brodova-nauticsud\/","og_site_name":"Salpa Yachts","article_publisher":"https:\/\/www.facebook.com\/nauticasalpa","article_published_time":"2024-02-10T10:26:46+00:00","article_modified_time":"2024-02-23T10:35:29+00:00","og_image":[{"width":2978,"height":1502,"url":"https:\/\/www.salpa.com\/wp-content\/uploads\/2024\/02\/nauticsud.png","type":"image\/png"}],"author":"ivan turturiello","twitter_card":"summary_large_image","twitter_misc":{"Napisao\/la":"ivan turturiello","Procijenjeno vrijeme \u010ditanja":"2 minute"},"schema":{"@context":"https:\/\/schema.org","@graph":[{"@type":"Article","@id":"https:\/\/www.salpa.com\/salpa-al-salone-internazionale-nauticsud\/#article","isPartOf":{"@id":"https:\/\/www.salpa.com\/salpa-al-salone-internazionale-nauticsud\/"},"author":{"name":"ivan turturiello","@id":"https:\/\/www.salpa.com\/#\/schema\/person\/6c4fc9eb4b20df24881ddefc1e9c1b33"},"headline":"Salpa al Salone Internazionale NauticSud","datePublished":"2024-02-10T10:26:46+00:00","dateModified":"2024-02-23T10:35:29+00:00","mainEntityOfPage":{"@id":"https:\/\/www.salpa.com\/salpa-al-salone-internazionale-nauticsud\/"},"wordCount":321,"publisher":{"@id":"https:\/\/www.salpa.com\/#organization"},"image":{"@id":"https:\/\/www.salpa.com\/salpa-al-salone-internazionale-nauticsud\/#primaryimage"},"thumbnailUrl":"https:\/\/www.salpa.com\/wp-content\/uploads\/2024\/02\/nauticsud.png","articleSection":["Eventi"],"inLanguage":"hr"},{"@type":"WebPage","@id":"https:\/\/www.salpa.com\/salpa-al-salone-internazionale-nauticsud\/","url":"https:\/\/www.salpa.com\/salpa-al-salone-internazionale-nauticsud\/","name":"Isplovite na me\u0111unarodnom sajmu brodova NauticSud - Salpa Yachts","isPartOf":{"@id":"https:\/\/www.salpa.com\/#website"},"primaryImageOfPage":{"@id":"https:\/\/www.salpa.com\/salpa-al-salone-internazionale-nauticsud\/#primaryimage"},"image":{"@id":"https:\/\/www.salpa.com\/salpa-al-salone-internazionale-nauticsud\/#primaryimage"},"thumbnailUrl":"https:\/\/www.salpa.com\/wp-content\/uploads\/2024\/02\/nauticsud.png","datePublished":"2024-02-10T10:26:46+00:00","dateModified":"2024-02-23T10:35:29+00:00","description":"%","breadcrumb":{"@id":"https:\/\/www.salpa.com\/salpa-al-salone-internazionale-nauticsud\/#breadcrumb"},"inLanguage":"hr","potentialAction":[{"@type":"ReadAction","target":["https:\/\/www.salpa.com\/salpa-al-salone-internazionale-nauticsud\/"]}]},{"@type":"ImageObject","inLanguage":"hr","@id":"https:\/\/www.salpa.com\/salpa-al-salone-internazionale-nauticsud\/#primaryimage","url":"https:\/\/www.salpa.com\/wp-content\/uploads\/2024\/02\/nauticsud.png","contentUrl":"https:\/\/www.salpa.com\/wp-content\/uploads\/2024\/02\/nauticsud.png","width":2978,"height":1502},{"@type":"BreadcrumbList","@id":"https:\/\/www.salpa.com\/salpa-al-salone-internazionale-nauticsud\/#breadcrumb","itemListElement":[{"@type":"ListItem","position":1,"name":"Home","item":"https:\/\/www.salpa.com\/"},{"@type":"ListItem","position":2,"name":"Salpa al Salone Internazionale NauticSud"}]},{"@type":"WebSite","@id":"https:\/\/www.salpa.com\/#website","url":"https:\/\/www.salpa.com\/","name":"Salpa jahte","description":"Zaplovite u avanturu sa Salpa Yachts!","publisher":{"@id":"https:\/\/www.salpa.com\/#organization"},"alternateName":"Nautica Salpa srl","potentialAction":[{"@type":"SearchAction","target":{"@type":"EntryPoint","urlTemplate":"https:\/\/www.salpa.com\/?s={search_term_string}"},"query-input":{"@type":"PropertyValueSpecification","valueRequired":true,"valueName":"search_term_string"}}],"inLanguage":"hr"},{"@type":"Organization","@id":"https:\/\/www.salpa.com\/#organization","name":"Salpa jahte","alternateName":"Nautica Salpa srl","url":"https:\/\/www.salpa.com\/","logo":{"@type":"ImageObject","inLanguage":"hr","@id":"https:\/\/www.salpa.com\/#\/schema\/logo\/image\/","url":"https:\/\/www.salpa.com\/wp-content\/uploads\/2023\/11\/salpa-logo-new.png","contentUrl":"https:\/\/www.salpa.com\/wp-content\/uploads\/2023\/11\/salpa-logo-new.png","width":1207,"height":417,"caption":"Salpa Yachts"},"image":{"@id":"https:\/\/www.salpa.com\/#\/schema\/logo\/image\/"},"sameAs":["https:\/\/www.facebook.com\/nauticasalpa","https:\/\/www.instagram.com\/salpa_yachts\/","https:\/\/www.youtube.com\/@SalpaYachts"]},{"@type":"Person","@id":"https:\/\/www.salpa.com\/#\/schema\/person\/6c4fc9eb4b20df24881ddefc1e9c1b33","name":"Ivan Turturiello","url":"https:\/\/www.salpa.com\/hr\/author\/ivanturturiellogmail-com\/"}]}},"_links":{"self":[{"href":"https:\/\/www.salpa.com\/hr\/wp-json\/wp\/v2\/posts\/2179","targetHints":{"allow":["GET"]}}],"collection":[{"href":"https:\/\/www.salpa.com\/hr\/wp-json\/wp\/v2\/posts"}],"about":[{"href":"https:\/\/www.salpa.com\/hr\/wp-json\/wp\/v2\/types\/post"}],"author":[{"embeddable":true,"href":"https:\/\/www.salpa.com\/hr\/wp-json\/wp\/v2\/users\/4"}],"replies":[{"embeddable":true,"href":"https:\/\/www.salpa.com\/hr\/wp-json\/wp\/v2\/comments?post=2179"}],"version-history":[{"count":1,"href":"https:\/\/www.salpa.com\/hr\/wp-json\/wp\/v2\/posts\/2179\/revisions"}],"predecessor-version":[{"id":2180,"href":"https:\/\/www.salpa.com\/hr\/wp-json\/wp\/v2\/posts\/2179\/revisions\/2180"}],"wp:featuredmedia":[{"embeddable":true,"href":"https:\/\/www.salpa.com\/hr\/wp-json\/wp\/v2\/media\/1846"}],"wp:attachment":[{"href":"https:\/\/www.salpa.com\/hr\/wp-json\/wp\/v2\/media?parent=2179"}],"wp:term":[{"taxonomy":"category","embeddable":true,"href":"https:\/\/www.salpa.com\/hr\/wp-json\/wp\/v2\/categories?post=2179"},{"taxonomy":"post_tag","embeddable":true,"href":"https:\/\/www.salpa.com\/hr\/wp-json\/wp\/v2\/tags?post=2179"}],"curies":[{"name":"wp","href":"https:\/\/api.w.org\/{rel}","templated":true}]}}